{"id":939,"date":"2022-04-04T13:52:32","date_gmt":"2022-04-04T11:52:32","guid":{"rendered":"https:\/\/observatorio.ielat.com\/?p=939"},"modified":"2024-09-22T05:12:24","modified_gmt":"2024-09-22T03:12:24","slug":"con-la-inflacion-muchos-pierden-mucho-y-algunos-ganan-ruben-garrido-yserte","status":"publish","type":"post","link":"https:\/\/observatorio.ielat.com\/index.php\/2022\/04\/04\/con-la-inflacion-muchos-pierden-mucho-y-algunos-ganan-ruben-garrido-yserte\/","title":{"rendered":"Con la inflaci\u00f3n, muchos pierden mucho (y algunos ganan) \u2014 Rub\u00e9n Garrido-Yserte"},"content":{"rendered":"<blockquote><p><a href=\"https:\/\/theconversation.com\/con-la-inflacion-muchos-pierden-mucho-y-algunos-ganan-180481?utm_source=whatsapp&amp;utm_medium=bylinewhatsappbutton\" target=\"_blank\" rel=\"noopener\">Publicado en The Conversation.<\/a><\/p><\/blockquote>\n<p style=\"text-align: justify;\">El Instituto Nacional de Estad\u00edstica de Espa\u00f1a (INE) acaba de publicar el indicador adelantado del\u00a0<a href=\"https:\/\/www.ine.es\/daco\/daco42\/daco421\/ipcia0322.pdf\">IPC de marzo: 9,8\u00a0%<\/a>. Si el dato se confirma, ser\u00eda la tasa de inflaci\u00f3n interanual m\u00e1s alta desde \u00a11985!<\/p>\n<p style=\"text-align: justify;\">Esta cifra muestra que las\u00a0<em>nubes de tormenta<\/em>\u00a0de la inflaci\u00f3n que anunci\u00e1bamos en\u00a0<a href=\"https:\/\/theconversation.com\/nubes-de-tormenta-en-el-horizonte-suben-los-precios-un-5-5-169580\">octubre de 2021<\/a>\u00a0ya\u00a0<em>jarrean<\/em>\u00a0con fuerza sobre la econom\u00eda espa\u00f1ola.<\/p>\n<p style=\"text-align: justify;\">Es cierto que los riesgos que explicaban las tensiones inflacionistas en aquel momento no son los mismos de hoy. Pero s\u00ed lo son las consecuencias: los importantes efectos redistributivos que produce la inflaci\u00f3n. Y fruto de ellos, el aumento de la conflictividad social.<\/p>\n<p style=\"text-align: justify;\">La inflaci\u00f3n no es un juego de suma cero sino una p\u00e9rdida para casi todos, pues provoca el empobrecimiento del conjunto de la econom\u00eda. M\u00e1xime, cuando se produce por un\u00a0<em>shock<\/em>\u00a0tan agudo como la escalada de los precios de la energ\u00eda (<a href=\"https:\/\/cdn.theconversation.com\/static_files\/files\/2060\/gas.pdf?1648822893\">gas<\/a>,\u00a0<a href=\"https:\/\/cdn.theconversation.com\/static_files\/files\/2061\/petroleo.pdf?1648822942\">petr\u00f3leo<\/a>). Unos bienes que, adem\u00e1s, son importados. Primera p\u00e9rdida: hay una transferencia de renta desde las econom\u00edas importadoras y fuertemente dependientes (Espa\u00f1a, por ejemplo) a los pa\u00edses exportadores (Rusia, principalmente).<\/p>\n<p style=\"text-align: justify;\"><strong>Inflaci\u00f3n, ayudas y subvenciones<\/strong><\/p>\n<p style=\"text-align: justify;\">Con inflaci\u00f3n alta uno de los ganadores es el Estado. Aumenta su recaudaci\u00f3n v\u00eda impuestos especiales (de los carburantes, por ejemplo) y tambi\u00e9n via imposici\u00f3n directa, si los tramos impositivos no se actualizan de acuerdo con la subida de los precios.<\/p>\n<p style=\"text-align: justify;\">Internamente, la inflaci\u00f3n mina la capacidad de compra y esto genera una lucha de los distintos sectores econ\u00f3micos por mantener su poder adquisitivo que, en este episodio de inflaci\u00f3n generalizada, est\u00e1 teniendo respuesta a trav\u00e9s de diversas medidas gubernamentales:<\/p>\n<ol style=\"text-align: justify;\">\n<li>El\u00a0<a href=\"https:\/\/www.efe.com\/efe\/espana\/portada\/la-ue-acepta-singularidad-iberica-para-lidiar-con-el-precio-de-luz\/10010-4769583\">desacople de los precios<\/a>\u00a0de la electricidad en el mercado mayorista de los precios internacionales del gas.<\/li>\n<li>La subvenci\u00f3n del combustible a las\u00a0<a href=\"https:\/\/www.energynews.es\/ayudas-a-la-industria-electro-y-gas-intensiva\/\">industrias electrointensivas<\/a>\u00a0(aqu\u00ed entra el transporte por carretera y otros colectivos de menor peso econ\u00f3mico que tambi\u00e9n se han sumado a las reivindicaciones, como las autoescuelas).<\/li>\n<li>La subvenci\u00f3n general de los combustibles. Esto, en forma de bajada de impuestos o del establecimiento de\u00a0<a href=\"https:\/\/www.rtve.es\/play\/videos\/noticias-andalucia\/bonificacion-combustibles\/6475944\/\">bonificaciones a los consumidores<\/a>.<\/li>\n<\/ol>\n<p style=\"text-align: justify;\">Nada de esto elimina el problema: el aumento del precio de un bien importado y del que se deber\u00eda reducir fuertemente el consumo. M\u00e1s bien distribuye el coste del ajuste entre todos.<\/p>\n<p style=\"text-align: justify;\">En el primer caso, el desacople perjudica a las compa\u00f1\u00edas el\u00e9ctricas y a sus accionistas. Hasta ahora, la forma de fijar los precios en el mercado el\u00e9ctrico ha hecho de las compa\u00f1\u00edas el\u00e9ctricas las grandes ganadoras de la subida del gas, pues han podido trasladar al mercado el aumento de sus costes y, adem\u00e1s, obtener beneficios extraordinarios (<em>beneficios ca\u00eddos del cielo<\/em>) gracias al sistema de mercado marginalista.<\/p>\n<p style=\"text-align: justify;\">En el caso de las subvenciones, primas y bajadas de impuestos, todas estas medidas suponen un aumento del gasto p\u00fablico que han de asumir las econom\u00edas (algunas, como la espa\u00f1ola, ya muy endeudadas), con lo que los pagadores del aumento de la deuda ser\u00e1n ya las pr\u00f3ximas generaciones.<\/p>\n<p style=\"text-align: justify;\">Pero el Estado sufre presiones no solo de los distintos sectores econ\u00f3micos, sino tambi\u00e9n de los funcionarios y pensionistas, que demandan subidas para protegerse de la inflaci\u00f3n. Y eso genera m\u00e1s gasto p\u00fablico.<\/p>\n<p style=\"text-align: justify;\"><strong>Subvenciones y contenci\u00f3n del consumo energ\u00e9tico<\/strong><\/p>\n<p style=\"text-align: justify;\">Este\u00a0<em>shock<\/em>\u00a0ha de encararse desde una perspectiva muy diferente a la habitual. Por la excepcionalidad de la guerra es importante establecer una estrategia que reduzca el consumo de energ\u00eda de forma r\u00e1pida y significativa.<\/p>\n<p style=\"text-align: justify;\">Si como resultado de las medidas de apoyo a los sectores econ\u00f3micos y a la poblaci\u00f3n en general la demanda de energ\u00eda no cae, adem\u00e1s de que el problema de base no se solucionar\u00e1, se estar\u00e1\u00a0<em>echando gasolina al fuego<\/em>. Los sistemas de subvenci\u00f3n tienen un l\u00edmite, que es mucho m\u00e1s estrecho en econom\u00edas endeudadas.<\/p>\n<p style=\"text-align: justify;\">Cuando el vicepresidente de Acci\u00f3n Exterior de la UE,\u00a0<a href=\"https:\/\/ec.europa.eu\/commission\/commissioners\/2019-2024\/borrell-fontelles_es\">Josep Borrell<\/a>, aludi\u00f3 a la oportunidad de\u00a0<a href=\"https:\/\/www.efe.com\/efe\/espana\/economia\/borrell-a-los-europeos-bajen-la-calefaccion-para-pagar-el-precio-de-guerra\/10003-4756884\">bajar unos grados<\/a>\u00a0la calefacci\u00f3n, muchos se lo tomaron a mofa.<\/p>\n<p style=\"text-align: justify;\">La cuesti\u00f3n es que estos peque\u00f1os gestos individuales tienen impactos muy significativos en la factura energ\u00e9tica global. Reducir la movilidad tambi\u00e9n ser\u00eda una medida a evaluar e implementar: ya hay experiencia con el teletrabajo en pandemia pero podr\u00eda extenderse en otros \u00e1mbitos.<\/p>\n<p style=\"text-align: justify;\">Alterar los precios con ayudas o subvenciones no contribuye a tomar decisiones que, aunque suponen una cierta p\u00e9rdida de bienestar, reducen la\u00a0<a href=\"https:\/\/theconversation.com\/la-dependencia-energetica-el-talon-de-aquiles-de-europa-177262\">dependencia energ\u00e9tica<\/a>, cuesti\u00f3n que se ha revelado clave a ra\u00edz de la guerra iniciada por Putin contra Ucrania.<\/p>\n<p style=\"text-align: justify;\">Los instrumentos de gasto (como las subvenciones o la reducci\u00f3n de impuestos) deben utilizarse de manera muy selectiva. Son instrumentos extraordinariamente costosos para las cuentas nacionales y generan efectos distorsionadores en la asignaci\u00f3n de recursos. Por tanto, deber\u00edan focalizarse en los colectivos m\u00e1s vulnerables, que experimentan en mayor medida los costes de la inflaci\u00f3n.<\/p>\n<p style=\"text-align: justify;\"><strong>Energ\u00eda, cesta de la compra e inflaci\u00f3n<\/strong><\/p>\n<p style=\"text-align: justify;\">La inflaci\u00f3n mina la capacidad de compra pero no de todas las rentas por igual. Aunque su evoluci\u00f3n se calcula sobre una\u00a0<a href=\"https:\/\/www.ine.es\/prensa\/ipc_base_2021.pdf\">cesta de consumo media<\/a>, no todos los hogares consumen lo mismo. Hay diferencias muy significativas por niveles de renta y por tipos de hogar.<\/p>\n<p style=\"text-align: justify;\">La Encuesta de Presupuestos Familiares del INE ofrece resultados de inter\u00e9s cuando se analizan los patrones de consumo de los hogares por quintiles de renta (desde el 20\u00a0% de las rentas m\u00e1s bajas hasta el 20\u00a0% de las rentas m\u00e1s altas).<\/p>\n<figure class=\"align-center zoomable\" style=\"text-align: justify;\">\n<div class=\"placeholder-container\"><img decoding=\"async\" class=\" lazyloaded\" src=\"https:\/\/images.theconversation.com\/files\/455800\/original\/file-20220401-18-cvm1pr.png?ixlib=rb-1.1.0&amp;q=45&amp;auto=format&amp;w=754&amp;fit=clip\" sizes=\"(min-width: 1466px) 754px, (max-width: 599px) 100vw, (min-width: 600px) 600px, 237px\" srcset=\"https:\/\/images.theconversation.com\/files\/455800\/original\/file-20220401-18-cvm1pr.png?ixlib=rb-1.1.0&amp;q=45&amp;auto=format&amp;w=600&amp;h=260&amp;fit=crop&amp;dpr=1 600w, https:\/\/images.theconversation.com\/files\/455800\/original\/file-20220401-18-cvm1pr.png?ixlib=rb-1.1.0&amp;q=30&amp;auto=format&amp;w=600&amp;h=260&amp;fit=crop&amp;dpr=2 1200w, https:\/\/images.theconversation.com\/files\/455800\/original\/file-20220401-18-cvm1pr.png?ixlib=rb-1.1.0&amp;q=15&amp;auto=format&amp;w=600&amp;h=260&amp;fit=crop&amp;dpr=3 1800w, https:\/\/images.theconversation.com\/files\/455800\/original\/file-20220401-18-cvm1pr.png?ixlib=rb-1.1.0&amp;q=45&amp;auto=format&amp;w=754&amp;h=326&amp;fit=crop&amp;dpr=1 754w, https:\/\/images.theconversation.com\/files\/455800\/original\/file-20220401-18-cvm1pr.png?ixlib=rb-1.1.0&amp;q=30&amp;auto=format&amp;w=754&amp;h=326&amp;fit=crop&amp;dpr=2 1508w, https:\/\/images.theconversation.com\/files\/455800\/original\/file-20220401-18-cvm1pr.png?ixlib=rb-1.1.0&amp;q=15&amp;auto=format&amp;w=754&amp;h=326&amp;fit=crop&amp;dpr=3 2262w\" alt=\"\" data-src=\"https:\/\/images.theconversation.com\/files\/455800\/original\/file-20220401-18-cvm1pr.png?ixlib=rb-1.1.0&amp;q=45&amp;auto=format&amp;w=754&amp;fit=clip\" data-srcset=\"https:\/\/images.theconversation.com\/files\/455800\/original\/file-20220401-18-cvm1pr.png?ixlib=rb-1.1.0&amp;q=45&amp;auto=format&amp;w=600&amp;h=260&amp;fit=crop&amp;dpr=1 600w, https:\/\/images.theconversation.com\/files\/455800\/original\/file-20220401-18-cvm1pr.png?ixlib=rb-1.1.0&amp;q=30&amp;auto=format&amp;w=600&amp;h=260&amp;fit=crop&amp;dpr=2 1200w, https:\/\/images.theconversation.com\/files\/455800\/original\/file-20220401-18-cvm1pr.png?ixlib=rb-1.1.0&amp;q=15&amp;auto=format&amp;w=600&amp;h=260&amp;fit=crop&amp;dpr=3 1800w, https:\/\/images.theconversation.com\/files\/455800\/original\/file-20220401-18-cvm1pr.png?ixlib=rb-1.1.0&amp;q=45&amp;auto=format&amp;w=754&amp;h=326&amp;fit=crop&amp;dpr=1 754w, https:\/\/images.theconversation.com\/files\/455800\/original\/file-20220401-18-cvm1pr.png?ixlib=rb-1.1.0&amp;q=30&amp;auto=format&amp;w=754&amp;h=326&amp;fit=crop&amp;dpr=2 1508w, https:\/\/images.theconversation.com\/files\/455800\/original\/file-20220401-18-cvm1pr.png?ixlib=rb-1.1.0&amp;q=15&amp;auto=format&amp;w=754&amp;h=326&amp;fit=crop&amp;dpr=3 2262w\" \/><\/div>\n<div class=\"enlarge_hint\"><\/div><figcaption><span class=\"caption\">Gasto medio por hogar, distribuci\u00f3n porcentual, variaci\u00f3n anual y diferencia absoluta por grupos de gasto. A\u00f1o 2020.<\/span>\u00a0<span class=\"attribution\"><a class=\"source\" href=\"https:\/\/www.ine.es\/prensa\/epf_2020.pdf\">Fuente: INE, Encuesta de Presupuestos Familiares (EPF).<\/a><\/span><\/figcaption><\/figure>\n<p style=\"text-align: justify;\">Seg\u00fan la\u00a0<a href=\"https:\/\/www.ine.es\/prensa\/epf_2020.pdf\">\u00faltima EPF publicada<\/a>\u00a0(2020), los hogares m\u00e1s pobres dedican a la alimentaci\u00f3n el 22,1\u00a0% de su renta frente al 12,8\u00a0% de los hogares m\u00e1s ricos. En cuanto al rengl\u00f3n Vivienda (que contempla los consumos de agua, electricidad, gas, etc\u00e9tera), los hogares m\u00e1s pobres dedican el 44\u00a0% frente al 31,7\u00a0% en los ricos. Estos son los dos grupos de gasto que explican mayoritariamente las subidas de precios en el IPC.<\/p>\n<p style=\"text-align: justify;\">Es laborioso (pero factible) calcular los \u00edndices de precios distinguiendo entre distintas categor\u00edas, tal y como hace la oficina estad\u00edstica de EE\u00a0UU. Resulta muy \u00fatil que los datos de inflaci\u00f3n se publiquen por niveles de renta, o diferenciando entre hogares urbanos y hogares rurales, o por la distinta configuraci\u00f3n de los mismos (mayores que viven solos, parejas de j\u00f3venes sin hijos\u2026).<\/p>\n<p style=\"text-align: justify;\"><strong>Inflaci\u00f3n e impuestos<\/strong><\/p>\n<p style=\"text-align: justify;\">En periodos de inflaci\u00f3n, mientras el poder adquisitivo de los ciudadanos baja si sus rentas no se equiparan a la subida de precios, el Estado mantiene su recaudaci\u00f3n. As\u00ed se genera el llamado\u00a0<a href=\"https:\/\/es.wikipedia.org\/wiki\/Impuesto_inflaci%C3%B3n\"><em>impuesto inflacionario<\/em><\/a>, pues a mayor inflaci\u00f3n m\u00e1s se ampl\u00eda la diferencia entre el valor real y el valor nominal del dinero.<\/p>\n<p style=\"text-align: justify;\">En un\u00a0<a href=\"https:\/\/regiolab.es\/wp-content\/uploads\/2022\/03\/Observatorio-62.pdf\">estudio reciente<\/a>\u00a0del grupo de investigaci\u00f3n\u00a0<a href=\"https:\/\/regiolab.es\/\">RegioLab<\/a>\u00a0(Universidad de Oviedo) se ha analizado el impacto de la escalada del precio de los combustibles a escala sectorial y regional. El documento ofrece interesantes conclusiones de las que extraemos apenas un dato: los hogares constituidos por una \u00fanica persona, que es mayor de sesenta y cinco a\u00f1os (estad\u00edsticamente puede ser una viuda que vive sola) experimentan un aumento de precios casi un 25\u00a0% mayor que la media.<\/p>\n<p style=\"text-align: justify;\">Este resultado muestra que la inflaci\u00f3n no nos cuesta lo mismo a todos. Es un\u00a0<em>impuesto<\/em>\u00a0que afecta especialmente a los hogares m\u00e1s pobres y vulnerables.<\/p>\n","protected":false},"excerpt":{"rendered":"<p>Publicado en The Conversation. El Instituto Nacional de Estad\u00edstica de Espa\u00f1a (INE) acaba de publicar el indicador adelantado del\u00a0IPC de marzo: 9,8\u00a0%. Si el dato se confirma, ser\u00eda la tasa de inflaci\u00f3n interanual m\u00e1s alta desde \u00a11985! Esta cifra muestra que las\u00a0nubes de tormenta\u00a0de la inflaci\u00f3n que anunci\u00e1bamos en\u00a0octubre de 2021\u00a0ya\u00a0jarrean\u00a0con fuerza sobre la econom\u00eda &#8230; <a title=\"Con la inflaci\u00f3n, muchos pierden mucho (y algunos ganan) \u2014 Rub\u00e9n Garrido-Yserte\" class=\"read-more\" href=\"https:\/\/observatorio.ielat.com\/index.php\/2022\/04\/04\/con-la-inflacion-muchos-pierden-mucho-y-algunos-ganan-ruben-garrido-yserte\/\" aria-label=\"Leer m\u00e1s sobre Con la inflaci\u00f3n, muchos pierden mucho (y algunos ganan) \u2014 Rub\u00e9n Garrido-Yserte\">Leer m\u00e1s<\/a><\/p>\n","protected":false},"author":1,"featured_media":0,"comment_status":"open","ping_status":"open","sticky":false,"template":"","format":"standard","meta":{"spay_email":"","footnotes":""},"categories":[5],"tags":[23,77],"class_list":["post-939","post","type-post","status-publish","format-standard","hentry","category-actualidad-a-debate","tag-impuestos","tag-inflacion"],"jetpack_featured_media_url":"","_links":{"self":[{"href":"https:\/\/observatorio.ielat.com\/index.php\/wp-json\/wp\/v2\/posts\/939","targetHints":{"allow":["GET"]}}],"collection":[{"href":"https:\/\/observatorio.ielat.com\/index.php\/wp-json\/wp\/v2\/posts"}],"about":[{"href":"https:\/\/observatorio.ielat.com\/index.php\/wp-json\/wp\/v2\/types\/post"}],"author":[{"embeddable":true,"href":"https:\/\/observatorio.ielat.com\/index.php\/wp-json\/wp\/v2\/users\/1"}],"replies":[{"embeddable":true,"href":"https:\/\/observatorio.ielat.com\/index.php\/wp-json\/wp\/v2\/comments?post=939"}],"version-history":[{"count":2,"href":"https:\/\/observatorio.ielat.com\/index.php\/wp-json\/wp\/v2\/posts\/939\/revisions"}],"predecessor-version":[{"id":942,"href":"https:\/\/observatorio.ielat.com\/index.php\/wp-json\/wp\/v2\/posts\/939\/revisions\/942"}],"wp:attachment":[{"href":"https:\/\/observatorio.ielat.com\/index.php\/wp-json\/wp\/v2\/media?parent=939"}],"wp:term":[{"taxonomy":"category","embeddable":true,"href":"https:\/\/observatorio.ielat.com\/index.php\/wp-json\/wp\/v2\/categories?post=939"},{"taxonomy":"post_tag","embeddable":true,"href":"https:\/\/observatorio.ielat.com\/index.php\/wp-json\/wp\/v2\/tags?post=939"}],"curies":[{"name":"wp","href":"https:\/\/api.w.org\/{rel}","templated":true}]}}