{"id":1894,"date":"2026-09-05T23:37:25","date_gmt":"2026-09-05T21:37:25","guid":{"rendered":"https:\/\/observatorio.ielat.com\/?p=1894"},"modified":"2026-09-05T23:43:27","modified_gmt":"2026-09-05T21:43:27","slug":"mario-draghi-y-rhine-group-reformulando-los-paradigmas-economicos","status":"publish","type":"post","link":"https:\/\/observatorio.ielat.com\/index.php\/2026\/09\/05\/mario-draghi-y-rhine-group-reformulando-los-paradigmas-economicos\/","title":{"rendered":"Mario Draghi y Rhine Group: reformulando los paradigmas econ\u00f3micos"},"content":{"rendered":"<p><strong>Ram\u00f3n Casilda B\u00e9jar<\/strong>: El IELAT se complace en difundir el art\u00edculo de opini\u00f3n sobre \u00abMario Draghi y Rhine Group: reformulando los paradigmas econ\u00f3micos<em>\u00bb<\/em>, publicado en el diario <em>El Confidencial <\/em>\u00a0por\u00a0<span data-olk-copy-source=\"MessageBody\">Ram\u00f3n Casilda B\u00e9jar<\/span><span data-olk-copy-source=\"MessageBody\">, miembro del Instituto:\u00a0<\/span><\/p>\n<p><a href=\"https:\/\/www.elconfidencial.com\/economia\/tribuna\/2026-09-05\/rhine-group-competitividad-europea-cepal-1hms_4417293\/\">Mario Draghi y Rhine Group: reformulando los paradigmas econ\u00f3micos<\/a><\/p>\n","protected":false},"excerpt":{"rendered":"<p>Ram\u00f3n Casilda B\u00e9jar: El IELAT se complace en difundir el art\u00edculo de opini\u00f3n sobre \u00abMario Draghi y Rhine Group: reformulando los paradigmas econ\u00f3micos\u00bb, publicado en el diario El Confidencial \u00a0por\u00a0Ram\u00f3n Casilda B\u00e9jar, miembro del Instituto:\u00a0 Mario Draghi y Rhine Group: reformulando los paradigmas econ\u00f3micos<\/p>\n","protected":false},"author":1,"featured_media":0,"comment_status":"open","ping_status":"open","sticky":false,"template":"","format":"standard","meta":{"spay_email":"","footnotes":""},"categories":[1],"tags":[],"class_list":["post-1894","post","type-post","status-publish","format-standard","hentry","category-conocimiento-interconectado"],"jetpack_featured_media_url":"","_links":{"self":[{"href":"https:\/\/observatorio.ielat.com\/index.php\/wp-json\/wp\/v2\/posts\/1894","targetHints":{"allow":["GET"]}}],"collection":[{"href":"https:\/\/observatorio.ielat.com\/index.php\/wp-json\/wp\/v2\/posts"}],"about":[{"href":"https:\/\/observatorio.ielat.com\/index.php\/wp-json\/wp\/v2\/types\/post"}],"author":[{"embeddable":true,"href":"https:\/\/observatorio.ielat.com\/index.php\/wp-json\/wp\/v2\/users\/1"}],"replies":[{"embeddable":true,"href":"https:\/\/observatorio.ielat.com\/index.php\/wp-json\/wp\/v2\/comments?post=1894"}],"version-history":[{"count":1,"href":"https:\/\/observatorio.ielat.com\/index.php\/wp-json\/wp\/v2\/posts\/1894\/revisions"}],"predecessor-version":[{"id":1895,"href":"https:\/\/observatorio.ielat.com\/index.php\/wp-json\/wp\/v2\/posts\/1894\/revisions\/1895"}],"wp:attachment":[{"href":"https:\/\/observatorio.ielat.com\/index.php\/wp-json\/wp\/v2\/media?parent=1894"}],"wp:term":[{"taxonomy":"category","embeddable":true,"href":"https:\/\/observatorio.ielat.com\/index.php\/wp-json\/wp\/v2\/categories?post=1894"},{"taxonomy":"post_tag","embeddable":true,"href":"https:\/\/observatorio.ielat.com\/index.php\/wp-json\/wp\/v2\/tags?post=1894"}],"curies":[{"name":"wp","href":"https:\/\/api.w.org\/{rel}","templated":true}]}}