{"id":1731,"date":"2026-01-02T20:20:56","date_gmt":"2026-01-02T18:20:56","guid":{"rendered":"https:\/\/observatorio.ielat.com\/?p=1731"},"modified":"2026-01-02T20:25:10","modified_gmt":"2026-01-02T18:25:10","slug":"el-caracter-propio-de-los-centros-educativos","status":"publish","type":"post","link":"https:\/\/observatorio.ielat.com\/index.php\/2026\/01\/02\/el-caracter-propio-de-los-centros-educativos\/","title":{"rendered":"El car\u00e1cter propio de los centros educativos"},"content":{"rendered":"<audio class=\"wp-audio-shortcode\" id=\"audio-1731-1\" preload=\"none\" style=\"width: 100%;\" controls=\"controls\"><source type=\"audio\/mpeg\" src=\"https:\/\/observatorio.ielat.com\/wp-content\/uploads\/2026\/01\/3.-Caracter-propio-de-los-centros-docentes-online-audio-converter.com_.mp3?_=1\" \/><a href=\"https:\/\/observatorio.ielat.com\/wp-content\/uploads\/2026\/01\/3.-Caracter-propio-de-los-centros-docentes-online-audio-converter.com_.mp3\">https:\/\/observatorio.ielat.com\/wp-content\/uploads\/2026\/01\/3.-Caracter-propio-de-los-centros-docentes-online-audio-converter.com_.mp3<\/a><\/audio>\n<p><span data-olk-copy-source=\"MessageBody\"><strong>Presentaci\u00f3n:<\/strong>\u00a0Isabel Cano Ruiz (miembro del IELAT).<\/span><\/p>\n<p><strong>Supervisi\u00f3n<\/strong>: Miguel Rodr\u00edguez Blanco (miembro del IELAT).<\/p>\n<p><strong>Resumen: <\/strong>Se pone de manifiesto qu\u00e9 significa el car\u00e1cter propio o ideario, introducido en la LODE de 1985 y recogido en la actual LOMLOE de 2020, define la identidad ideol\u00f3gica, pedag\u00f3gica o moral que los centros privados pueden adoptar siempre que respeten los principios constitucionales de libertad, igualdad y no discriminaci\u00f3n, as\u00ed como los m\u00ednimos curriculares y criterios de evaluaci\u00f3n oficiales.<\/p>\n","protected":false},"excerpt":{"rendered":"<p>Presentaci\u00f3n:\u00a0Isabel Cano Ruiz (miembro del IELAT). Supervisi\u00f3n: Miguel Rodr\u00edguez Blanco (miembro del IELAT). Resumen: Se pone de manifiesto qu\u00e9 significa el car\u00e1cter propio o ideario, introducido en la LODE de 1985 y recogido en la actual LOMLOE de 2020, define la identidad ideol\u00f3gica, pedag\u00f3gica o moral que los centros privados pueden adoptar siempre que respeten &#8230; <a title=\"El car\u00e1cter propio de los centros educativos\" class=\"read-more\" href=\"https:\/\/observatorio.ielat.com\/index.php\/2026\/01\/02\/el-caracter-propio-de-los-centros-educativos\/\" aria-label=\"Leer m\u00e1s sobre El car\u00e1cter propio de los centros educativos\">Leer m\u00e1s<\/a><\/p>\n","protected":false},"author":1,"featured_media":0,"comment_status":"open","ping_status":"open","sticky":false,"template":"","format":"standard","meta":{"spay_email":"","footnotes":""},"categories":[1],"tags":[],"class_list":["post-1731","post","type-post","status-publish","format-standard","hentry","category-conocimiento-interconectado"],"jetpack_featured_media_url":"","_links":{"self":[{"href":"https:\/\/observatorio.ielat.com\/index.php\/wp-json\/wp\/v2\/posts\/1731","targetHints":{"allow":["GET"]}}],"collection":[{"href":"https:\/\/observatorio.ielat.com\/index.php\/wp-json\/wp\/v2\/posts"}],"about":[{"href":"https:\/\/observatorio.ielat.com\/index.php\/wp-json\/wp\/v2\/types\/post"}],"author":[{"embeddable":true,"href":"https:\/\/observatorio.ielat.com\/index.php\/wp-json\/wp\/v2\/users\/1"}],"replies":[{"embeddable":true,"href":"https:\/\/observatorio.ielat.com\/index.php\/wp-json\/wp\/v2\/comments?post=1731"}],"version-history":[{"count":1,"href":"https:\/\/observatorio.ielat.com\/index.php\/wp-json\/wp\/v2\/posts\/1731\/revisions"}],"predecessor-version":[{"id":1733,"href":"https:\/\/observatorio.ielat.com\/index.php\/wp-json\/wp\/v2\/posts\/1731\/revisions\/1733"}],"wp:attachment":[{"href":"https:\/\/observatorio.ielat.com\/index.php\/wp-json\/wp\/v2\/media?parent=1731"}],"wp:term":[{"taxonomy":"category","embeddable":true,"href":"https:\/\/observatorio.ielat.com\/index.php\/wp-json\/wp\/v2\/categories?post=1731"},{"taxonomy":"post_tag","embeddable":true,"href":"https:\/\/observatorio.ielat.com\/index.php\/wp-json\/wp\/v2\/tags?post=1731"}],"curies":[{"name":"wp","href":"https:\/\/api.w.org\/{rel}","templated":true}]}}