{"id":1667,"date":"2025-09-07T19:01:08","date_gmt":"2025-09-07T17:01:08","guid":{"rendered":"https:\/\/observatorio.ielat.com\/?p=1667"},"modified":"2025-09-07T19:01:35","modified_gmt":"2025-09-07T17:01:35","slug":"la-tutela-de-los-derechos-de-los-colectivos-vulnerables-a-proposito-de-la-actividad-del-defensor-del-pueblo-de-andorra","status":"publish","type":"post","link":"https:\/\/observatorio.ielat.com\/index.php\/2025\/09\/07\/la-tutela-de-los-derechos-de-los-colectivos-vulnerables-a-proposito-de-la-actividad-del-defensor-del-pueblo-de-andorra\/","title":{"rendered":"La tutela de los derechos de los colectivos vulnerables: a prop\u00f3sito de la actividad del Defensor del Pueblo de Andorra"},"content":{"rendered":"<audio class=\"wp-audio-shortcode\" id=\"audio-1667-1\" preload=\"none\" style=\"width: 100%;\" controls=\"controls\"><source type=\"audio\/mpeg\" src=\"https:\/\/observatorio.ielat.com\/wp-content\/uploads\/2025\/09\/05.13.Xavier.mp3?_=1\" \/><a href=\"https:\/\/observatorio.ielat.com\/wp-content\/uploads\/2025\/09\/05.13.Xavier.mp3\">https:\/\/observatorio.ielat.com\/wp-content\/uploads\/2025\/09\/05.13.Xavier.mp3<\/a><\/audio>\n<p><b><span data-olk-copy-source=\"MessageBody\">Presentaci\u00f3n:<\/span><\/b>\u00a0Rodrigo M\u00e9ndez Filleul (Investigador en formaci\u00f3n del IELAT) y Juan Jos\u00e9 Chica Morales (estudiante en pr\u00e1cticas del IELAT).<\/p>\n<p><b>Invitado:<\/b>\u00a0Xavier Ca\u00f1ada Bonaetxea (Defensor del Pueblo del Principado de Andorra).<\/p>\n<p style=\"text-align: justify;\"><b>Resumen:<\/b>\u00a0Se analiza junto al Defensor del Pueblo de Andorra cu\u00e1l es la realidad de su actividad en el Principado de Andorra, y en especial, de qu\u00e9 forma la instituci\u00f3n que dirige ha establecido mecanismos para identificar los problemas que presentan ciertos colectivos vulnerables (como los trabajadores migrantes) y de qu\u00e9 forma ha emprendido acciones para tutelar sus derechos fundamentales.<\/p>\n","protected":false},"excerpt":{"rendered":"<p>Presentaci\u00f3n:\u00a0Rodrigo M\u00e9ndez Filleul (Investigador en formaci\u00f3n del IELAT) y Juan Jos\u00e9 Chica Morales (estudiante en pr\u00e1cticas del IELAT). Invitado:\u00a0Xavier Ca\u00f1ada Bonaetxea (Defensor del Pueblo del Principado de Andorra). Resumen:\u00a0Se analiza junto al Defensor del Pueblo de Andorra cu\u00e1l es la realidad de su actividad en el Principado de Andorra, y en especial, de qu\u00e9 forma &#8230; <a title=\"La tutela de los derechos de los colectivos vulnerables: a prop\u00f3sito de la actividad del Defensor del Pueblo de Andorra\" class=\"read-more\" href=\"https:\/\/observatorio.ielat.com\/index.php\/2025\/09\/07\/la-tutela-de-los-derechos-de-los-colectivos-vulnerables-a-proposito-de-la-actividad-del-defensor-del-pueblo-de-andorra\/\" aria-label=\"Leer m\u00e1s sobre La tutela de los derechos de los colectivos vulnerables: a prop\u00f3sito de la actividad del Defensor del Pueblo de Andorra\">Leer m\u00e1s<\/a><\/p>\n","protected":false},"author":1,"featured_media":0,"comment_status":"open","ping_status":"open","sticky":false,"template":"","format":"standard","meta":{"spay_email":"","footnotes":""},"categories":[1],"tags":[],"class_list":["post-1667","post","type-post","status-publish","format-standard","hentry","category-conocimiento-interconectado"],"jetpack_featured_media_url":"","_links":{"self":[{"href":"https:\/\/observatorio.ielat.com\/index.php\/wp-json\/wp\/v2\/posts\/1667","targetHints":{"allow":["GET"]}}],"collection":[{"href":"https:\/\/observatorio.ielat.com\/index.php\/wp-json\/wp\/v2\/posts"}],"about":[{"href":"https:\/\/observatorio.ielat.com\/index.php\/wp-json\/wp\/v2\/types\/post"}],"author":[{"embeddable":true,"href":"https:\/\/observatorio.ielat.com\/index.php\/wp-json\/wp\/v2\/users\/1"}],"replies":[{"embeddable":true,"href":"https:\/\/observatorio.ielat.com\/index.php\/wp-json\/wp\/v2\/comments?post=1667"}],"version-history":[{"count":2,"href":"https:\/\/observatorio.ielat.com\/index.php\/wp-json\/wp\/v2\/posts\/1667\/revisions"}],"predecessor-version":[{"id":1670,"href":"https:\/\/observatorio.ielat.com\/index.php\/wp-json\/wp\/v2\/posts\/1667\/revisions\/1670"}],"wp:attachment":[{"href":"https:\/\/observatorio.ielat.com\/index.php\/wp-json\/wp\/v2\/media?parent=1667"}],"wp:term":[{"taxonomy":"category","embeddable":true,"href":"https:\/\/observatorio.ielat.com\/index.php\/wp-json\/wp\/v2\/categories?post=1667"},{"taxonomy":"post_tag","embeddable":true,"href":"https:\/\/observatorio.ielat.com\/index.php\/wp-json\/wp\/v2\/tags?post=1667"}],"curies":[{"name":"wp","href":"https:\/\/api.w.org\/{rel}","templated":true}]}}