{"id":1549,"date":"2025-03-17T18:48:05","date_gmt":"2025-03-17T16:48:05","guid":{"rendered":"https:\/\/observatorio.ielat.com\/?p=1549"},"modified":"2025-03-18T16:28:12","modified_gmt":"2025-03-18T14:28:12","slug":"las-relaciones-entre-rusia-y-america-latina-sufren-el-efecto-de-la-guerra-en-ucrania-agustin-fontenla","status":"publish","type":"post","link":"https:\/\/observatorio.ielat.com\/index.php\/2025\/03\/17\/las-relaciones-entre-rusia-y-america-latina-sufren-el-efecto-de-la-guerra-en-ucrania-agustin-fontenla\/","title":{"rendered":"Las relaciones entre Rusia y Am\u00e9rica Latina sufren el efecto de la guerra en Ucrania \u2013 Agust\u00edn Fontenla"},"content":{"rendered":"<p><strong>Agust\u00edn Fontenla (*)<\/strong><\/p>\n<p>&nbsp;<\/p>\n<p style=\"text-align: justify;\">A principios de febrero de 2022, el expresidente de Argentina, Alberto Fern\u00e1ndez, realiz\u00f3 una visita de Estado a la Federaci\u00f3n Rusa. Durante su encuentro con el mandatario ruso, Vlad\u00edmir Putin, el l\u00edder argentino afirm\u00f3 que el pa\u00eds sudamericano pod\u00eda convertirse en la puerta de entrada de Rusia a Am\u00e9rica Latina.<\/p>\n<p style=\"text-align: justify;\">El gesto fue un s\u00edmbolo de las posibilidades que se abr\u00edan para la naci\u00f3n eslava en su creciente expansi\u00f3n en esa parte del hemisferio. La Federaci\u00f3n Rusa hab\u00eda logrado hasta entonces establecer diversos contactos con los pa\u00edses latinoamericanos, incluso con aquellos con los que no exist\u00eda una afinidad ideol\u00f3gica manifiesta.<\/p>\n<p style=\"text-align: justify;\">Un caso ejemplar fue el gobierno argentino de Mauricio Macri (2015-2019). A pesar de su alineamiento inicial con Estados Unidos y la Uni\u00f3n Europea, el nuevo mandatario supo construir un v\u00ednculo productivo con el presidente Putin, y profundizar la Alianza Estrat\u00e9gica Integral entre ambos pa\u00edses, impulsada por la expresidente Cristina Kirchner en el 2011.<\/p>\n<p style=\"text-align: justify;\">No obstante, aquellas palabras de Alberto Fern\u00e1ndez \u2014que evidenciaron una falta de <em>timing<\/em>\u2014 cayeron en saco roto tan solo unas semanas despu\u00e9s, cuando el Kremlin dio la orden de invadir militarmente Ucrania.<\/p>\n<p style=\"text-align: justify;\">El conflicto, ya en su tercer a\u00f1o, afect\u00f3 las posibilidades de la Federaci\u00f3n Rusa para continuar el desarrollo de las relaciones bilaterales con los pa\u00edses latinoamericanos. Las reacciones de Washington y Bruselas condenando el ataque ruso, y las sanciones econ\u00f3micas y pol\u00edticas impuestas en las semanas siguientes, afectaron el nivel de los contactos bilaterales con la regi\u00f3n a pesar de las distancias y de la menor gravitaci\u00f3n pol\u00edtica de Am\u00e9rica Latina en la arena internacional.<\/p>\n<p style=\"text-align: justify;\">El propio gobierno de Alberto Fern\u00e1ndez debi\u00f3 maniobrar entre el posicionamiento de la vicepresidenta Kirchner, inclinada a evitar la condena, y el ministerio de Exteriores, que se expres\u00f3 en l\u00ednea con las canciller\u00edas de las principales potencias occidentales.<\/p>\n<p style=\"text-align: justify;\">El gobierno de Chile fue uno de los m\u00e1s cr\u00edticos de la regi\u00f3n con la avanza rusa en Ucrania. El presidente Gabriel Boric, cuya fuerza pol\u00edtica se identifica con la socialdemocracia, afirm\u00f3 durante la cumbre de la CELAC de julio de 2023, que Rusia hab\u00eda \u201cviolado el derecho internacional\u201d, e inst\u00f3 al resto de pa\u00edses de Am\u00e9rica Latina a condenar la maniobra sin reparos.<\/p>\n<p style=\"text-align: justify;\">M\u00e9xico, por su parte, una de las principales naciones latinoamericanas, tambi\u00e9n gobernada por un l\u00edder de la izquierda regional, mantuvo un posicionamiento neutral con Rusia. El presidente, Andr\u00e9s Manuel L\u00f3pez Obrador, evit\u00f3 condenar a Mosc\u00fa, y se posicion\u00f3 a favor del \u201cdi\u00e1logo y la paz\u201d. Para la asunci\u00f3n de su sucesora, Claudia Sheinbaum, L\u00f3pez Obrador invit\u00f3 p\u00fablicamente al mandatario ruso a participar de la ceremonia<\/p>\n<p style=\"text-align: justify;\">De forma m\u00e1s concreta, el enfriamiento \u2014con matices, seg\u00fan cada pa\u00eds\u2014 en los v\u00ednculos bilaterales entre Am\u00e9rica Latina y Rusia que sucedi\u00f3 a la guerra, puede verse expresado en las visitas que realiz\u00f3 el ministro de Exteriores ruso a la regi\u00f3n durante los dos \u00faltimos a\u00f1os. En el 2023, el canciller Sergu\u00e9i Lavrov realiz\u00f3 viajes oficiales a Brasil, Venezuela, Nicaragua y Cuba. A excepci\u00f3n de Brasil, tres naciones con las que el Kremlin mantiene una alineaci\u00f3n ideol\u00f3gica, econ\u00f3mica y militar desde que el presidente Putin lidera el pa\u00eds eslavo a principios de los 2000. El viaje a Brasil, en todo caso, exhibe el pragmatismo desarrollado por Mosc\u00fa, pero tambi\u00e9n por Brasilia, que decidieron priorizar los lazos econ\u00f3micos a las diferencias pol\u00edticas.<\/p>\n<p style=\"text-align: justify;\">En el 2024, el ministro Lavrov emprendi\u00f3 una nueva gira que incluy\u00f3 los mismos pa\u00edses, con la excepci\u00f3n de Nicaragua. Ni Argentina ni M\u00e9xico \u2014las dos principales naciones de Am\u00e9rica Latina junto a Brasil\u2014 formaron parte de la agenda del canciller de la Federaci\u00f3n Rusa. Chile, por su parte, no alter\u00f3 su discurso cr\u00edtico sobre la acci\u00f3n b\u00e9lica de Rusia en Ucrania.<\/p>\n<p style=\"text-align: justify;\">La presidencia de Donald Trump en Estados Unidos promete darle un giro al conflicto entre Rusia y Ucrania. En los primeros d\u00edas de febrero, el l\u00edder estadounidense dialog\u00f3 telef\u00f3nicamente con Vlad\u00edmir Putin, y ambos acordaron un punto de partida para poner fin al conflicto. Ucrania y la Uni\u00f3n Europea querr\u00e1n llevar su voz y voto a las futuras negociaciones de paz.<\/p>\n<p style=\"text-align: justify;\">Si el conflicto logra encontrar un cauce que devuelva la calma a Europa, y las potencias occidentales retiran las sanciones pol\u00edticas y econ\u00f3micas aplicadas contra Mosc\u00fa, Am\u00e9rica Latina y Rusia entrar\u00e1n en una nueva etapa bilateral. El escenario pol\u00edtico regional, eso s\u00ed, presentar\u00e1 nuevos gobiernos y desaf\u00edos. La presidencia de Javier Milei en Argentina, el gobierno de Gustavo Petro en Colombia, y el regreso de Lula Da Silva a la presidencia de Brasil, por citar solo algunos.<\/p>\n<p style=\"text-align: justify;\">En el Kremlin, por supuesto, estar\u00e1n dispuestos a emprender el desaf\u00edo. Desde que Putin asumi\u00f3 el liderazgo del pa\u00eds, las relaciones bilaterales entre Rusia y Am\u00e9rica Latina han crecido de forma exponencial.<\/p>\n<p style=\"text-align: justify;\">(*) Investigador en formaci\u00f3n del IELAT.<\/p>\n","protected":false},"excerpt":{"rendered":"<p>Agust\u00edn Fontenla (*) &nbsp; A principios de febrero de 2022, el expresidente de Argentina, Alberto Fern\u00e1ndez, realiz\u00f3 una visita de Estado a la Federaci\u00f3n Rusa. Durante su encuentro con el mandatario ruso, Vlad\u00edmir Putin, el l\u00edder argentino afirm\u00f3 que el pa\u00eds sudamericano pod\u00eda convertirse en la puerta de entrada de Rusia a Am\u00e9rica Latina. El &#8230; <a title=\"Las relaciones entre Rusia y Am\u00e9rica Latina sufren el efecto de la guerra en Ucrania \u2013 Agust\u00edn Fontenla\" class=\"read-more\" href=\"https:\/\/observatorio.ielat.com\/index.php\/2025\/03\/17\/las-relaciones-entre-rusia-y-america-latina-sufren-el-efecto-de-la-guerra-en-ucrania-agustin-fontenla\/\" aria-label=\"Leer m\u00e1s sobre Las relaciones entre Rusia y Am\u00e9rica Latina sufren el efecto de la guerra en Ucrania \u2013 Agust\u00edn Fontenla\">Leer m\u00e1s<\/a><\/p>\n","protected":false},"author":1,"featured_media":0,"comment_status":"open","ping_status":"open","sticky":false,"template":"","format":"standard","meta":{"spay_email":"","footnotes":""},"categories":[5],"tags":[],"class_list":["post-1549","post","type-post","status-publish","format-standard","hentry","category-actualidad-a-debate"],"jetpack_featured_media_url":"","_links":{"self":[{"href":"https:\/\/observatorio.ielat.com\/index.php\/wp-json\/wp\/v2\/posts\/1549","targetHints":{"allow":["GET"]}}],"collection":[{"href":"https:\/\/observatorio.ielat.com\/index.php\/wp-json\/wp\/v2\/posts"}],"about":[{"href":"https:\/\/observatorio.ielat.com\/index.php\/wp-json\/wp\/v2\/types\/post"}],"author":[{"embeddable":true,"href":"https:\/\/observatorio.ielat.com\/index.php\/wp-json\/wp\/v2\/users\/1"}],"replies":[{"embeddable":true,"href":"https:\/\/observatorio.ielat.com\/index.php\/wp-json\/wp\/v2\/comments?post=1549"}],"version-history":[{"count":2,"href":"https:\/\/observatorio.ielat.com\/index.php\/wp-json\/wp\/v2\/posts\/1549\/revisions"}],"predecessor-version":[{"id":1552,"href":"https:\/\/observatorio.ielat.com\/index.php\/wp-json\/wp\/v2\/posts\/1549\/revisions\/1552"}],"wp:attachment":[{"href":"https:\/\/observatorio.ielat.com\/index.php\/wp-json\/wp\/v2\/media?parent=1549"}],"wp:term":[{"taxonomy":"category","embeddable":true,"href":"https:\/\/observatorio.ielat.com\/index.php\/wp-json\/wp\/v2\/categories?post=1549"},{"taxonomy":"post_tag","embeddable":true,"href":"https:\/\/observatorio.ielat.com\/index.php\/wp-json\/wp\/v2\/tags?post=1549"}],"curies":[{"name":"wp","href":"https:\/\/api.w.org\/{rel}","templated":true}]}}