{"id":1213,"date":"2023-12-20T21:49:04","date_gmt":"2023-12-20T19:49:04","guid":{"rendered":"https:\/\/observatorio.ielat.com\/?p=1213"},"modified":"2024-09-20T15:47:22","modified_gmt":"2024-09-20T13:47:22","slug":"primeras-medidas-de-javier-milei-definiciones-economicas-y-efectos-sociales","status":"publish","type":"post","link":"https:\/\/observatorio.ielat.com\/index.php\/2023\/12\/20\/primeras-medidas-de-javier-milei-definiciones-economicas-y-efectos-sociales\/","title":{"rendered":"Primeras medidas de Javier Milei: definiciones econ\u00f3micas y efectos sociales \u2013 Agust\u00edn Fontenla y Joaqu\u00edn Waldman"},"content":{"rendered":"<p><strong>Agust\u00edn Fontenla y Joaqu\u00edn Waldman\u00a0(*)<\/strong><\/p>\n<p>El eje discursivo del nuevo Gobierno argentino est\u00e1 puesto en la econom\u00eda. El flamante Ministro Luis Caputo no tom\u00f3 el camino de la dolarizaci\u00f3n, como pod\u00eda pensarse previamente, sino que anunci\u00f3 un plan de estabilizaci\u00f3n tradicional de corte ortodoxo. Este est\u00e1 basado en un fuerte ajuste fiscal (de 5,2% del PBI), que llevar\u00e1 a la eliminaci\u00f3n del d\u00e9ficit financiero del Estado nacional.<\/p>\n<p>Para ello, se aumentar\u00e1n algunos ingresos del fisco, como impuestos a las importaciones y a las exportaciones no agropecuarias. Tambi\u00e9n, se implementar\u00e1 un recorte del gasto p\u00fablico, reduciendo las partidas de subsidios econ\u00f3micos, obra p\u00fablica, transferencias a Provincias, gastos de funcionamiento, jubilaciones y planes sociales.<\/p>\n<p>Por su parte, el Banco Central de la Rep\u00fablica Argentina (BCRA) tambi\u00e9n est\u00e1 implementando un giro en sus pol\u00edticas, que incluye una fuerte devaluaci\u00f3n (el tipo de cambio oficial pas\u00f3 de $367 a $800, lo que representa un salto de 118% en un d\u00eda) y una liberaci\u00f3n de las importaciones. Este programa no incluye la apertura de las restricciones cambiarias, que se mantendr\u00e1n hasta resolver los problemas fiscales y externos y reducir los desbalances monetarios, seg\u00fan precis\u00f3 un comunicado de la autoridad monetaria.<\/p>\n<p>Las medidas anunciadas acelerar\u00e1n la inflaci\u00f3n, por el brusco aumento del tipo de cambio y los precios regulados (transporte, tarifas de energ\u00eda, naftas y salud privada, entre otros). Esto disminuir\u00e1 el tama\u00f1o de los pasivos del BCRA, licuar\u00e1 los gastos del Tesoro y golpear\u00e1 los ingresos de la poblaci\u00f3n. De esta manera, podemos esperar para los pr\u00f3ximos meses:<\/p>\n<p>&nbsp;<\/p>\n<p>1) Variaciones mensuales de precios de 2 d\u00edgitos, pudiendo rozar valores hiperinflacionarios (t\u00edpicamente, se define as\u00ed a los aumentos mayores al 50%). Los salarios quedar\u00e1n rezagados, afectando al consumo privado. El consumo p\u00fablico y la inversi\u00f3n del Estado no mostrar\u00e1n mejores desempe\u00f1os, haciendo que la actividad econ\u00f3mica sufra.<\/p>\n<p>2) Un aumento de la desigualdad y un deterioro de los indicadores sociales. La inflaci\u00f3n afecta de sobremanera a los m\u00e1s pobres y las \u201csalvaguardas sociales\u201d anunciadas son m\u00ednimas.<\/p>\n<p>3) Nuevos anuncios en los meses venideros. Lo anunciado hasta aqu\u00ed tiene un caracter transitorio, lo que deja la puerta abierta a un segundo combo de medidas m\u00e1s permanentes. Esta segunda instancia podr\u00eda incluir desregulaciones, una apertura del \u201ccepo\u201d cambiario y modificaciones de los esquemas impositivo, cambiario y previsional.<\/p>\n<p>&nbsp;<\/p>\n<p>Posible efectos sociales del programa<\/p>\n<p>Las medidas anunciadas por el presidente entrante pondr\u00e1n a prueba la resistencia de la sociedad argentina. No har\u00e1 falta esperar mucho tiempo para ver el impacto de los anuncios en el poder adquisitivo de los ciudadanos. El propio Milei estim\u00f3 el viernes pasado que la inflaci\u00f3n avanza a un ritmo del 1% diario.<\/p>\n<p>Los medios de comunicaci\u00f3n han reflejado que, tras las primeras medidas, el \u00e1nimo de la ciudadan\u00eda es de cierta comprensi\u00f3n: el ajuste deb\u00eda realizarse de cualquier manera. No obstante, habr\u00e1 que ver si eso se sostiene en las semanas siguientes con el salto de los precios en las g\u00f3ndolas de los supermercados, y con la actualizaci\u00f3n de tarifas, que, se estima, comenzar\u00e1 a regir a partir del primer bimestre del a\u00f1o pr\u00f3ximo.<\/p>\n<p>Las centrales obreras, por su parte, ya han manifestado su oposici\u00f3n al nuevo programa econ\u00f3mico. La Confederaci\u00f3n General de Trabajadores, que nuclea a la mayor cantidad de sindicatos nacionales, ha dicho que \u201cel ajuste\u201d lo pagar\u00e1 el pueblo y \u201cno la casta\u201d, como hab\u00eda prometido Milei. Adem\u00e1s, asegur\u00f3 que si los salarios y las pensiones no se actualizan no se \u201cquedar\u00e1n de brazos cruzados\u201d.<\/p>\n<p>Previendo un marco de conflictividad social, producto de las medidas econ\u00f3micas, la ministra de Seguridad, Patricia Bullrich, anunci\u00f3 un protocolo de actuaci\u00f3n anti-protestas. La funcionaria -excandidata presidencial por la coalici\u00f3n Juntos por el Cambio-, busc\u00f3 ser terminante respecto a la posibilidad de que las manifestaciones afecten el tr\u00e1nsito vehicular: \u201cLas calles no se toman. Si se toma la calle, habr\u00e1 consecuencias\u201d.<\/p>\n<p>La decisi\u00f3n del gobierno libertario recuerda a la popularmente conocida \u201cLey Mordaza\u201d que el ejecutivo de Mariano Rajoy, del Partido Popular, promulg\u00f3 en el 2014, dos a\u00f1os despu\u00e9s de que comenzara a aplicar un plan de austeridad que provoc\u00f3 numerosas manifestaciones sociales.<\/p>\n<p>Aunque el presidente Milei se impuso en el balotaje con cierta distancia, lo que aumenta su autoridad, ser\u00e1 importante que, en un marco de conflictividad social, garantice ciertas cotas de gobernabilidad para el desarrollo de su gesti\u00f3n. Para ello, deber\u00e1 ensayar acuerdos con su principal aliado, Juntos por el Cambio, pero tambi\u00e9n con el partido opositor, Uni\u00f3n por la Patria, en el que confluyen diversos dirigentes del Peronismo.<\/p>\n<p><strong>(*) Investigadores en formaci\u00f3n del IELAT\u00a0<\/strong><\/p>\n","protected":false},"excerpt":{"rendered":"<p>Agust\u00edn Fontenla y Joaqu\u00edn Waldman\u00a0(*) El eje discursivo del nuevo Gobierno argentino est\u00e1 puesto en la econom\u00eda. El flamante Ministro Luis Caputo no tom\u00f3 el camino de la dolarizaci\u00f3n, como pod\u00eda pensarse previamente, sino que anunci\u00f3 un plan de estabilizaci\u00f3n tradicional de corte ortodoxo. Este est\u00e1 basado en un fuerte ajuste fiscal (de 5,2% del &#8230; <a title=\"Primeras medidas de Javier Milei: definiciones econ\u00f3micas y efectos sociales \u2013 Agust\u00edn Fontenla y Joaqu\u00edn Waldman\" class=\"read-more\" href=\"https:\/\/observatorio.ielat.com\/index.php\/2023\/12\/20\/primeras-medidas-de-javier-milei-definiciones-economicas-y-efectos-sociales\/\" aria-label=\"Leer m\u00e1s sobre Primeras medidas de Javier Milei: definiciones econ\u00f3micas y efectos sociales \u2013 Agust\u00edn Fontenla y Joaqu\u00edn Waldman\">Leer m\u00e1s<\/a><\/p>\n","protected":false},"author":1,"featured_media":0,"comment_status":"open","ping_status":"open","sticky":false,"template":"","format":"standard","meta":{"spay_email":"","footnotes":""},"categories":[5],"tags":[],"class_list":["post-1213","post","type-post","status-publish","format-standard","hentry","category-actualidad-a-debate"],"jetpack_featured_media_url":"","_links":{"self":[{"href":"https:\/\/observatorio.ielat.com\/index.php\/wp-json\/wp\/v2\/posts\/1213","targetHints":{"allow":["GET"]}}],"collection":[{"href":"https:\/\/observatorio.ielat.com\/index.php\/wp-json\/wp\/v2\/posts"}],"about":[{"href":"https:\/\/observatorio.ielat.com\/index.php\/wp-json\/wp\/v2\/types\/post"}],"author":[{"embeddable":true,"href":"https:\/\/observatorio.ielat.com\/index.php\/wp-json\/wp\/v2\/users\/1"}],"replies":[{"embeddable":true,"href":"https:\/\/observatorio.ielat.com\/index.php\/wp-json\/wp\/v2\/comments?post=1213"}],"version-history":[{"count":2,"href":"https:\/\/observatorio.ielat.com\/index.php\/wp-json\/wp\/v2\/posts\/1213\/revisions"}],"predecessor-version":[{"id":1333,"href":"https:\/\/observatorio.ielat.com\/index.php\/wp-json\/wp\/v2\/posts\/1213\/revisions\/1333"}],"wp:attachment":[{"href":"https:\/\/observatorio.ielat.com\/index.php\/wp-json\/wp\/v2\/media?parent=1213"}],"wp:term":[{"taxonomy":"category","embeddable":true,"href":"https:\/\/observatorio.ielat.com\/index.php\/wp-json\/wp\/v2\/categories?post=1213"},{"taxonomy":"post_tag","embeddable":true,"href":"https:\/\/observatorio.ielat.com\/index.php\/wp-json\/wp\/v2\/tags?post=1213"}],"curies":[{"name":"wp","href":"https:\/\/api.w.org\/{rel}","templated":true}]}}