{"id":1130,"date":"2023-06-14T11:43:08","date_gmt":"2023-06-14T09:43:08","guid":{"rendered":"https:\/\/observatorio.ielat.com\/?p=1130"},"modified":"2024-09-20T15:50:04","modified_gmt":"2024-09-20T13:50:04","slug":"podcast-virilidad-criollizacion-y-boxeo-construccion-cultural-de-la-masculinidad-nacional-chilena-con-alex-ovalle","status":"publish","type":"post","link":"https:\/\/observatorio.ielat.com\/index.php\/2023\/06\/14\/podcast-virilidad-criollizacion-y-boxeo-construccion-cultural-de-la-masculinidad-nacional-chilena-con-alex-ovalle\/","title":{"rendered":"Podcast: \u00abVirilidad, criollizaci\u00f3n y boxeo: construcci\u00f3n cultural de la masculinidad nacional chilena\u00bb, con Alex Ovalle"},"content":{"rendered":"<audio class=\"wp-audio-shortcode\" id=\"audio-1130-1\" preload=\"none\" style=\"width: 100%;\" controls=\"controls\"><source type=\"audio\/mpeg\" src=\"https:\/\/observatorio.ielat.com\/wp-content\/uploads\/2023\/06\/Podcast-Alex-Ovalle-Final.mp3?_=1\" \/><a href=\"https:\/\/observatorio.ielat.com\/wp-content\/uploads\/2023\/06\/Podcast-Alex-Ovalle-Final.mp3\">https:\/\/observatorio.ielat.com\/wp-content\/uploads\/2023\/06\/Podcast-Alex-Ovalle-Final.mp3<\/a><\/audio>\n<p style=\"text-align: justify;\"><strong><em>T\u00edtulo<\/em><\/strong>: Virilidad, criollizaci\u00f3n y boxeo: construcci\u00f3n cultural de la masculinidad nacional chilena<\/p>\n<p style=\"text-align: justify;\"><strong><em>Presentaci\u00f3n<\/em><\/strong>: Julia Trellu (Investigadora en formaci\u00f3n del IELAT)<\/p>\n<p style=\"text-align: justify;\"><strong><em>Invitado<\/em><\/strong>: Alex Ovalle (Chile). Director Escuela de Pedagog\u00eda en Historia y Geograf\u00eda. Profesor Asociado Departamento de Ciencias Sociales en la Universidad de La Serena<\/p>\n<p style=\"text-align: justify;\"><strong><em>Resumen<\/em><\/strong>: Este podcast aborda el proceso chileno de construcci\u00f3n de patrones y criollizaci\u00f3n de la virilidad como soluci\u00f3n a la patologizaci\u00f3n de la cuesti\u00f3n social a comienzos del siglo XX. Ovalle analiza diversos factores que influyeron en el inicio de los discursos de la masculinidad nacional que se promover\u00edan desde el Estado a\u00f1os m\u00e1s tarde: la regeneraci\u00f3n racial, las ideas eugen\u00e9sicas y del darwinismo social o la extensi\u00f3n de deportes como el boxeo en la cultura de masas.<\/p>\n","protected":false},"excerpt":{"rendered":"<p>T\u00edtulo: Virilidad, criollizaci\u00f3n y boxeo: construcci\u00f3n cultural de la masculinidad nacional chilena Presentaci\u00f3n: Julia Trellu (Investigadora en formaci\u00f3n del IELAT) Invitado: Alex Ovalle (Chile). Director Escuela de Pedagog\u00eda en Historia y Geograf\u00eda. Profesor Asociado Departamento de Ciencias Sociales en la Universidad de La Serena Resumen: Este podcast aborda el proceso chileno de construcci\u00f3n de patrones &#8230; <a title=\"Podcast: \u00abVirilidad, criollizaci\u00f3n y boxeo: construcci\u00f3n cultural de la masculinidad nacional chilena\u00bb, con Alex Ovalle\" class=\"read-more\" href=\"https:\/\/observatorio.ielat.com\/index.php\/2023\/06\/14\/podcast-virilidad-criollizacion-y-boxeo-construccion-cultural-de-la-masculinidad-nacional-chilena-con-alex-ovalle\/\" aria-label=\"Leer m\u00e1s sobre Podcast: \u00abVirilidad, criollizaci\u00f3n y boxeo: construcci\u00f3n cultural de la masculinidad nacional chilena\u00bb, con Alex Ovalle\">Leer m\u00e1s<\/a><\/p>\n","protected":false},"author":1,"featured_media":0,"comment_status":"open","ping_status":"open","sticky":false,"template":"","format":"standard","meta":{"spay_email":"","footnotes":""},"categories":[1],"tags":[],"class_list":["post-1130","post","type-post","status-publish","format-standard","hentry","category-conocimiento-interconectado"],"jetpack_featured_media_url":"","_links":{"self":[{"href":"https:\/\/observatorio.ielat.com\/index.php\/wp-json\/wp\/v2\/posts\/1130","targetHints":{"allow":["GET"]}}],"collection":[{"href":"https:\/\/observatorio.ielat.com\/index.php\/wp-json\/wp\/v2\/posts"}],"about":[{"href":"https:\/\/observatorio.ielat.com\/index.php\/wp-json\/wp\/v2\/types\/post"}],"author":[{"embeddable":true,"href":"https:\/\/observatorio.ielat.com\/index.php\/wp-json\/wp\/v2\/users\/1"}],"replies":[{"embeddable":true,"href":"https:\/\/observatorio.ielat.com\/index.php\/wp-json\/wp\/v2\/comments?post=1130"}],"version-history":[{"count":1,"href":"https:\/\/observatorio.ielat.com\/index.php\/wp-json\/wp\/v2\/posts\/1130\/revisions"}],"predecessor-version":[{"id":1133,"href":"https:\/\/observatorio.ielat.com\/index.php\/wp-json\/wp\/v2\/posts\/1130\/revisions\/1133"}],"wp:attachment":[{"href":"https:\/\/observatorio.ielat.com\/index.php\/wp-json\/wp\/v2\/media?parent=1130"}],"wp:term":[{"taxonomy":"category","embeddable":true,"href":"https:\/\/observatorio.ielat.com\/index.php\/wp-json\/wp\/v2\/categories?post=1130"},{"taxonomy":"post_tag","embeddable":true,"href":"https:\/\/observatorio.ielat.com\/index.php\/wp-json\/wp\/v2\/tags?post=1130"}],"curies":[{"name":"wp","href":"https:\/\/api.w.org\/{rel}","templated":true}]}}